{"id":4664498,"date":"2022-06-03T18:56:06","date_gmt":"2022-06-03T15:56:06","guid":{"rendered":"https:\/\/fakty.com.ua\/?p=4664498"},"modified":"2022-06-04T00:57:07","modified_gmt":"2022-06-03T21:57:07","slug":"geroyichna-oborona-ukrayiny-yevropejski-polityky-pro-100-dniv-vijny","status":"publish","type":"post","link":"https:\/\/fakty.com.ua\/ru\/ukraine\/suspilstvo\/20220603-geroyichna-oborona-ukrayiny-yevropejski-polityky-pro-100-dniv-vijny\/","title":{"rendered":"\u0413\u0435\u0440\u043e\u0438\u0447\u0435\u0441\u043a\u0430\u044f \u043e\u0431\u043e\u0440\u043e\u043d\u0430 \u0423\u043a\u0440\u0430\u0438\u043d\u044b: \u0435\u0432\u0440\u043e\u043f\u0435\u0439\u0441\u043a\u0438\u0435 \u043f\u043e\u043b\u0438\u0442\u0438\u043a\u0438 \u043e 100 \u0434\u043d\u044f\u0445 \u0432\u043e\u0439\u043d\u044b"},"content":{"rendered":"<p>\u0423\u043a\u0440\u0430\u0438\u043d\u0430 \u0441\u0434\u0435\u0440\u0436\u0438\u0432\u0430\u0435\u0442 \u043f\u043e\u043b\u043d\u043e\u043c\u0430\u0441\u0448\u0442\u0430\u0431\u043d\u0443\u044e \u0430\u0433\u0440\u0435\u0441\u0441\u0438\u044e \u0441\u043e \u0441\u0442\u043e\u0440\u043e\u043d\u044b \u0420\u043e\u0441\u0441\u0438\u0439\u0441\u043a\u043e\u0439 \u0424\u0435\u0434\u0435\u0440\u0430\u0446\u0438\u0438 \u0443\u0436\u0435 100 \u0434\u043d\u0435\u0439. \u041e\u043a\u043e\u043b\u043e 4 \u0443\u0442\u0440\u0430 24 \u0444\u0435\u0432\u0440\u0430\u043b\u044f \u0440\u043e\u0441\u0441\u0438\u0439\u0441\u043a\u0438\u0435 \u0432\u043e\u0439\u0441\u043a\u0430 \u043d\u0430\u043d\u0435\u0441\u043b\u0438 \u0440\u0430\u043a\u0435\u0442\u043d\u044b\u0435 \u0443\u0434\u0430\u0440\u044b \u043f\u043e \u0443\u043a\u0440\u0430\u0438\u043d\u0441\u043a\u0438\u043c \u0433\u043e\u0440\u043e\u0434\u0430\u043c \u0438 \u043d\u0430\u0447\u0430\u043b\u0438 \u0432\u0442\u043e\u0440\u0436\u0435\u043d\u0438\u0435 \u043d\u0430 \u0444\u0440\u043e\u043d\u0442\u0435 \u0434\u043b\u0438\u043d\u043e\u0439 \u0431\u043e\u043b\u0435\u0435 \u0442\u044b\u0441\u044f\u0447\u0438 \u043a\u0438\u043b\u043e\u043c\u0435\u0442\u0440\u043e\u0432.<\/p>\n<p>3 \u0438\u044e\u043d\u044f \u0435\u0432\u0440\u043e\u043f\u0435\u0439\u0441\u043a\u0438\u0435 \u043f\u043e\u043b\u0438\u0442\u0438\u043a\u0438 \u0432\u044b\u0441\u0442\u0443\u043f\u0438\u043b\u0438 \u0441 \u0437\u0430\u044f\u0432\u043b\u0435\u043d\u0438\u044f\u043c\u0438 \u043d\u0430 100-\u0439 \u0434\u0435\u043d\u044c \u0443\u043a\u0440\u0430\u0438\u043d\u0441\u043a\u043e\u0433\u043e \u0441\u043e\u043f\u0440\u043e\u0442\u0438\u0432\u043b\u0435\u043d\u0438\u044f \u0438 \u0431\u043e\u0440\u044c\u0431\u044b \u0441 \u0430\u0433\u0440\u0435\u0441\u0441\u0438\u0435\u0439 \u0440\u0430\u0448\u0438\u0441\u0442\u043e\u0432.<\/p>\n<p>\u041f\u0440\u0435\u0437\u0438\u0434\u0435\u043d\u0442 \u0415\u0432\u0440\u043e\u043a\u043e\u043c\u0438\u0441\u0441\u0438\u0438 <strong>\u0423\u0440\u0441\u0443\u043b\u0430 \u0444\u043e\u043d \u0434\u0435\u0440 \u041b\u044f\u0439\u0435\u043d<\/strong> \u043d\u0430\u0437\u0432\u0430\u043b\u0430 \u0432\u0442\u043e\u0440\u0436\u0435\u043d\u0438\u0435 \u0420\u043e\u0441\u0441\u0438\u0438 <em>&#8220;\u043d\u0435\u043e\u043f\u0440\u0430\u0432\u0434\u0430\u043d\u043d\u044b\u043c&#8221;,<\/em> \u043d\u0430\u043f\u0438\u0441\u0430\u0432 \u0432 Twitter, \u0447\u0442\u043e<em> &#8220;\u0445\u0440\u0430\u0431\u0440\u043e\u0441\u0442\u044c \u0443\u043a\u0440\u0430\u0438\u043d\u0446\u0435\u0432 \u0432\u044b\u0437\u044b\u0432\u0430\u0435\u0442 \u043d\u0430\u0448\u0435 \u0443\u0432\u0430\u0436\u0435\u043d\u0438\u0435 \u0438 \u043d\u0430\u0448\u0435 \u0432\u043e\u0441\u0445\u0438\u0449\u0435\u043d\u0438\u0435&#8221;.<\/em><\/p>\n<p>\u041e\u043d\u0430 \u0441\u043a\u0430\u0437\u0430\u043b\u0430, \u0447\u0442\u043e \u0415\u0432\u0440\u043e\u043f\u0435\u0439\u0441\u043a\u0438\u0439 \u0421\u043e\u044e\u0437 \u043f\u043e\u0434\u0434\u0435\u0440\u0436\u0438\u0432\u0430\u0435\u0442 \u0423\u043a\u0440\u0430\u0438\u043d\u0443, \u0438 \u0441\u0435\u0433\u043e\u0434\u043d\u044f \u043e\u043d\u0430 \u0432\u0441\u0442\u0440\u0435\u0447\u0430\u0435\u0442\u0441\u044f \u0441 \u043f\u0440\u0435\u0437\u0438\u0434\u0435\u043d\u0442\u043e\u043c \u0424\u0440\u0430\u043d\u0446\u0438\u0438 \u042d\u043c\u043c\u0430\u043d\u0443\u044d\u043b\u0435\u043c \u041c\u0430\u043a\u0440\u043e\u043d\u043e\u043c, \u0447\u0442\u043e\u0431\u044b \u043e\u0431\u0441\u0443\u0434\u0438\u0442\u044c \u043f\u043e\u0434\u0434\u0435\u0440\u0436\u043a\u0443 \u0441\u0442\u0440\u0430\u043d\u044b.<\/p>\n<blockquote class=\"twitter-tweet\">\n<p dir=\"ltr\" lang=\"en\">100 days ago Russia unleashed its unjustifiable war on Ukraine.<\/p>\n<p>The bravery of Ukrainians commands our respect and our admiration.<\/p>\n<p>The EU stands with Ukraine.<\/p>\n<p>Today in Paris, I will discuss with <a href=\"https:\/\/twitter.com\/EmmanuelMacron?ref_src=twsrc%5Etfw\">@emmanuelmacron<\/a> <a href=\"https:\/\/twitter.com\/Europe2022FR?ref_src=twsrc%5Etfw\">@Europe2022FR<\/a> the EU\u2019s current &amp; future support to the country.<\/p>\n<p>\u2014 Ursula von der Leyen (@vonderleyen) <a href=\"https:\/\/twitter.com\/vonderleyen\/status\/1532626142204682240?ref_src=twsrc%5Etfw\">June 3, 2022<\/a><\/p><\/blockquote>\n<p><script async src=\"https:\/\/platform.twitter.com\/widgets.js\" charset=\"utf-8\"><\/script><\/p>\n<p>\u041a\u0430\u043d\u0446\u043b\u0435\u0440 \u0413\u0435\u0440\u043c\u0430\u043d\u0438\u0438 <strong>\u041e\u043b\u0430\u0444 \u0428\u043e\u043b\u044c\u0446<\/strong> \u0440\u0430\u0441\u0441\u043a\u0430\u0437\u0430\u043b, \u0447\u0442\u043e \u0432\u0441\u0442\u0440\u0435\u0442\u0438\u043b\u0441\u044f \u0441\u043e \u0441\u043f\u0438\u043a\u0435\u0440\u043e\u043c \u0412\u0435\u0440\u0445\u043e\u0432\u043d\u043e\u0439 \u0420\u0430\u0434\u044b \u0420\u0443\u0441\u043b\u0430\u043d\u043e\u043c \u0421\u0442\u0435\u0444\u0430\u043d\u0447\u0443\u043a\u043e\u043c \u043d\u0430 100-\u0439 \u0434\u0435\u043d\u044c \u0432\u043e\u0439\u043d\u044b.<\/p>\n<blockquote class=\"twitter-tweet\">\n<p dir=\"ltr\" lang=\"de\">Seit 100 Tagen leisten die Ukrainerinnen und Ukrainer Widerstand gegen den russischen Aggressor. 100 Tage Krieg in Europa. Danke dem ukrainischen Parlamentspr\u00e4sidenten <a href=\"https:\/\/twitter.com\/r_stefanchuk?ref_src=twsrc%5Etfw\">@r_stefanchuk<\/a> f\u00fcr das Gespr\u00e4ch an diesem traurigen 100. Kriegstag. <a href=\"https:\/\/t.co\/4HTmoTMevi\">pic.twitter.com\/4HTmoTMevi<\/a><\/p>\n<p>\u2014 Bundeskanzler Olaf Scholz (@Bundeskanzler) <a href=\"https:\/\/twitter.com\/Bundeskanzler\/status\/1532662250632269826?ref_src=twsrc%5Etfw\">June 3, 2022<\/a><\/p><\/blockquote>\n<p><script async src=\"https:\/\/platform.twitter.com\/widgets.js\" charset=\"utf-8\"><\/script><\/p>\n<p>\u041f\u0440\u0435\u0434\u0441\u0442\u0430\u0432\u0438\u0442\u0435\u043b\u044c \u0415\u0432\u0440\u043e\u043f\u0435\u0439\u0441\u043a\u043e\u0433\u043e \u0421\u043e\u044e\u0437\u0430 \u043f\u043e \u0432\u043e\u043f\u0440\u043e\u0441\u0430\u043c \u0431\u0435\u0437\u043e\u043f\u0430\u0441\u043d\u043e\u0441\u0442\u0438 \u0438 \u0438\u043d\u043e\u0441\u0442\u0440\u0430\u043d\u043d\u044b\u0445 \u0434\u0435\u043b <strong>\u0416\u043e\u0437\u0435\u043f \u0411\u043e\u0440\u0440\u0435\u043b\u044c<\/strong> \u043e\u0442\u043c\u0435\u0442\u0438\u043b <em>&#8220;\u0431\u0435\u0441\u0441\u043c\u044b\u0441\u043b\u0435\u043d\u043d\u043e\u0435 \u0440\u0430\u0437\u0440\u0443\u0448\u0435\u043d\u0438\u0435&#8221;<\/em>, \u043f\u043e\u0432\u043b\u0435\u043a\u0448\u0435\u0435 \u0432\u0442\u043e\u0440\u0436\u0435\u043d\u0438\u0435 \u0420\u043e\u0441\u0441\u0438\u0438, \u0432\u043a\u043b\u044e\u0447\u0430\u044f \u0442\u044b\u0441\u044f\u0447\u0438 \u0441\u043c\u0435\u0440\u0442\u0435\u0439, \u043c\u0438\u043b\u043b\u0438\u043e\u043d\u044b \u0431\u0435\u0436\u0435\u043d\u0446\u0435\u0432 \u0438 \u0442\u043e\u043d\u043d\u044b \u0437\u0430\u0431\u043b\u043e\u043a\u0438\u0440\u043e\u0432\u0430\u043d\u043d\u043e\u0433\u043e \u0437\u0435\u0440\u043d\u0430.<\/p>\n<blockquote class=\"twitter-tweet\">\n<p dir=\"ltr\" lang=\"en\">100 days of Russia\u2019s invasion of Ukraine. 100 days of EU strongly supporting Ukraine<\/p>\n<p>100 days causing thousands of deaths and 6.8 million refugees<\/p>\n<p>100 days of senseless destruction with billions worth of damages<\/p>\n<p>100 days of blocked ports &amp; bombed fields, 22M t of grain blocked <a href=\"https:\/\/t.co\/GxQ5rmN6K2\">pic.twitter.com\/GxQ5rmN6K2<\/a><\/p>\n<p>\u2014 Josep Borrell Fontelles (@JosepBorrellF) <a href=\"https:\/\/twitter.com\/JosepBorrellF\/status\/1532662671811792897?ref_src=twsrc%5Etfw\">June 3, 2022<\/a><\/p><\/blockquote>\n<p><script async src=\"https:\/\/platform.twitter.com\/widgets.js\" charset=\"utf-8\"><\/script><\/p>\n<p>\u0413\u043b\u0430\u0432\u0430 \u041c\u0418\u0414 \u0412\u0435\u043b\u0438\u043a\u043e\u0431\u0440\u0438\u0442\u0430\u043d\u0438\u0438 <strong>\u041b\u0438\u0437 \u0422\u0440\u0430\u0441\u0441<\/strong> \u0437\u0430\u044f\u0432\u0438\u043b\u0430, \u0447\u0442\u043e <em>&#8220;\u0432\u0442\u043e\u0440\u0436\u0435\u043d\u0438\u0435 \u041f\u0443\u0442\u0438\u043d\u0430 \u043f\u0440\u0438\u043d\u0435\u0441\u043b\u043e \u0441\u043c\u0435\u0440\u0442\u044c \u0438 \u0440\u0430\u0437\u0440\u0443\u0448\u0435\u043d\u0438\u0435 \u0432 \u0442\u0430\u043a\u0438\u0445 \u043c\u0430\u0441\u0448\u0442\u0430\u0431\u0430\u0445, \u043a\u0430\u043a\u0438\u0445 \u0432 \u0415\u0432\u0440\u043e\u043f\u0435 \u043d\u0435 \u0431\u044b\u043b\u043e \u0441\u043e \u0432\u0440\u0435\u043c\u0435\u043d \u0412\u0442\u043e\u0440\u043e\u0439 \u043c\u0438\u0440\u043e\u0432\u043e\u0439 \u0432\u043e\u0439\u043d\u044b&#8221;.<\/em><\/p>\n<blockquote><p>\u2014 \u0423 \u044d\u0442\u043e\u0439 \u0432\u043e\u0439\u043d\u044b \u043e\u0433\u0440\u043e\u043c\u043d\u044b\u0435 \u043f\u043e\u0441\u043b\u0435\u0434\u0441\u0442\u0432\u0438\u044f \u0434\u043b\u044f \u0433\u043b\u043e\u0431\u0430\u043b\u044c\u043d\u043e\u0433\u043e \u043c\u0438\u0440\u0430, \u043f\u0440\u043e\u0446\u0432\u0435\u0442\u0430\u043d\u0438\u044f \u0438 \u043f\u0440\u043e\u0434\u043e\u0432\u043e\u043b\u044c\u0441\u0442\u0432\u0435\u043d\u043d\u043e\u0439 \u0431\u0435\u0437\u043e\u043f\u0430\u0441\u043d\u043e\u0441\u0442\u0438.<\/p><\/blockquote>\n<p>\u041e\u043d\u0430 \u0432\u044b\u0441\u043e\u043a\u043e \u043e\u0446\u0435\u043d\u0438\u043b\u0430 \u0445\u0440\u0430\u0431\u0440\u043e\u0441\u0442\u044c \u0443\u043a\u0440\u0430\u0438\u043d\u0446\u0435\u0432 \u0438 \u0434\u043e\u0431\u0430\u0432\u0438\u043b\u0430, \u0447\u0442\u043e \u043f\u0440\u0438\u0448\u0435\u043b \u043c\u043e\u043c\u0435\u043d\u0442 \u043f\u043e\u0434\u0442\u0432\u0435\u0440\u0434\u0438\u0442\u044c <em>&#8220;\u043f\u043e\u0434\u0434\u0435\u0440\u0436\u043a\u0443 \u0433\u0435\u0440\u043e\u0438\u0447\u0435\u0441\u043a\u043e\u0439 \u043e\u0431\u043e\u0440\u043e\u043d\u0435 \u0423\u043a\u0440\u0430\u0438\u043d\u044b&#8221;<\/em>, \u0447\u0442\u043e\u0431\u044b<em> &#8220;\u0433\u0430\u0440\u0430\u043d\u0442\u0438\u0440\u043e\u0432\u0430\u0442\u044c \u043f\u043e\u0440\u0430\u0436\u0435\u043d\u0438\u0435 \u041f\u0443\u0442\u0438\u043d\u0430&#8221;.<\/em><\/p>\n<blockquote class=\"twitter-tweet\">\n<p dir=\"ltr\" lang=\"en\">My statement to mark the first 100 days of the barbaric war in Ukraine \u00a0<a href=\"https:\/\/t.co\/mYZQSFi5jZ\">pic.twitter.com\/mYZQSFi5jZ<\/a><\/p>\n<p>\u2014 Liz Truss (@trussliz) <a href=\"https:\/\/twitter.com\/trussliz\/status\/1532633224681340936?ref_src=twsrc%5Etfw\">June 3, 2022<\/a><\/p><\/blockquote>\n<p><script async src=\"https:\/\/platform.twitter.com\/widgets.js\" charset=\"utf-8\"><\/script><\/p>\n<p>\u041f\u0440\u0435\u0437\u0438\u0434\u0435\u043d\u0442 \u041f\u043e\u043b\u044c\u0448\u0438 <strong>\u0410\u043d\u0434\u0436\u0435\u0439 \u0414\u0443\u0434\u0430<\/strong> \u043f\u043e\u0434\u0447\u0435\u0440\u043a\u043d\u0443\u043b, \u0447\u0442\u043e \u041f\u043e\u043b\u044c\u0448\u0430 \u0438\u0437\u043d\u0430\u0447\u0430\u043b\u044c\u043d\u043e \u0432\u0435\u0440\u0438\u043b\u0430 \u0432 \u0441\u0438\u043b\u0443 \u0443\u043a\u0440\u0430\u0438\u043d\u0441\u043a\u043e\u0433\u043e \u0441\u043e\u043f\u0440\u043e\u0442\u0438\u0432\u043b\u0435\u043d\u0438\u044f.<\/p>\n<blockquote><p>\u2014 \u041c\u044b \u0433\u043e\u0440\u0434\u0438\u043c\u0441\u044f \u0442\u0435\u043c, \u0447\u0442\u043e \u043c\u043e\u0436\u0435\u043c \u0441\u043e\u043b\u0438\u0434\u0430\u0440\u043d\u043e \u043f\u043e\u0434\u0434\u0435\u0440\u0436\u0430\u0442\u044c \u0443\u043a\u0440\u0430\u0438\u043d\u0446\u0435\u0432 \u0432 \u0431\u043e\u0440\u044c\u0431\u0435 \u0441 \u043f\u0440\u0435\u0441\u0442\u0443\u043f\u043d\u043e\u0439 \u0440\u043e\u0441\u0441\u0438\u0439\u0441\u043a\u043e\u0439 \u0430\u0433\u0440\u0435\u0441\u0441\u0438\u0435\u0439. \u0429\u0435 \u043d\u0435 \u0432\u043c\u0435\u0440\u043b\u0430 \u0423\u043a\u0440\u0430\u0457\u043d\u0430!<\/p><\/blockquote>\n<blockquote class=\"twitter-tweet\">\n<p dir=\"ltr\" lang=\"pl\">Dzisiaj mija setny dzie\u0144 bohaterskiej obrony Ukrainy. M\u00f3wi\u0142em o tym w Kijowie i powtarzam: Polska od pocz\u0105tku wierzy\u0142a w si\u0142\u0119 ukrai\u0144skiego oporu. Jeste\u015bmy dumni, \u017ce solidarnie mo\u017cemy wspiera\u0107 Ukrai\u0144c\u00f3w w Ich starciu ze zbrodnicz\u0105 rosyjsk\u0105 agresj\u0105.<br \/>\n\u0429\u0435 \u043d\u0435 \u0432\u043c\u0435\u0440\u043b\u0430 \u0423\u043a\u0440\u0430\u0457\u043d\u0430!<\/p>\n<p>\u2014 Andrzej Duda (@AndrzejDuda) <a href=\"https:\/\/twitter.com\/AndrzejDuda\/status\/1532707117945217025?ref_src=twsrc%5Etfw\">June 3, 2022<\/a><\/p><\/blockquote>\n<p><script async src=\"https:\/\/platform.twitter.com\/widgets.js\" charset=\"utf-8\"><\/script><\/p>\n<p>\u041f\u0440\u0435\u0437\u0438\u0434\u0435\u043d\u0442 \u041b\u0430\u0442\u0432\u0438\u0438 <strong>\u0413\u0438\u0442\u0430\u043d\u0430\u0441 \u041d\u0430\u0443\u0441\u0435\u0434\u0430<\/strong> \u043e\u0442\u043c\u0435\u0442\u0438\u043b \u043d\u0435\u043e\u0431\u0445\u043e\u0434\u0438\u043c\u043e\u0441\u0442\u044c \u0443\u0432\u0435\u043b\u0438\u0447\u0438\u0442\u044c \u043e\u0431\u044a\u0435\u043c \u043f\u043e\u0434\u0434\u0435\u0440\u0436\u043a\u0438 \u0423\u043a\u0440\u0430\u0438\u043d\u044b \u0432\u043e \u0432\u0441\u0435\u0445 \u0441\u0444\u0435\u0440\u0430\u0445. \u041f\u043e\u0434\u0447\u0435\u0440\u043a\u043d\u0443\u0432: <em>\u0423\u043a\u0440\u0430\u0438\u043d\u0430 \u0432\u044b\u0438\u0433\u0440\u0430\u0435\u0442 \u044d\u0442\u0443 \u0432\u043e\u0439\u043d\u0443.<\/em><\/p>\n<blockquote class=\"twitter-tweet\">\n<p dir=\"ltr\" lang=\"ro\">100days of Russia&#8217;s war in Ukraine.<\/p>\n<p>100days of destruction &amp; immense human suffering.<\/p>\n<p>100days of heroic fight of Ukrainian nation for their freedom &amp;sovereignty.<\/p>\n<p>We must increase the volumes of support in all domains. Ukraine will win this war.<\/p>\n<p>\u0420\u0430\u0437\u043e\u043c \u0434\u043e \u043f\u0435\u0440\u0435\u043c\u043e\u0433\u0438!<br \/>\n<a href=\"https:\/\/t.co\/gsltqUF0NF\">pic.twitter.com\/gsltqUF0NF<\/a><\/p>\n<p>\u2014 Gitanas Naus\u0117da (@GitanasNauseda) <a href=\"https:\/\/twitter.com\/GitanasNauseda\/status\/1532607258676318208?ref_src=twsrc%5Etfw\">June 3, 2022<\/a><\/p><\/blockquote>\n<p><script async src=\"https:\/\/platform.twitter.com\/widgets.js\" charset=\"utf-8\"><\/script><\/p>\n\t\t\t<div class=\"grid s--content-x-88 s-up--col-gap8 p--content-x-156 p--col-gap16 p--item-image-last\n                m-up--200-x-content m-up--col-gap32 with-highlight m-up--item-content-last l--content-x-113 article-more-news block\">\n\t\t\t\t<div class=\"item-content article-more-news--content\">\n\t\t\t\t\t<div class=\"item-head mb-4 color-primary subhead-secondary text-semi-bold\">\u0427\u0438\u0442\u0430\u0439\u0442\u0435 \u0442\u0430\u043a\u0436\u0435<\/div>\n\t\t\t\t\t<a href=\"https:\/\/fakty.com.ua\/ru\/ukraine\/suspilstvo\/20220603-100-dniv-vijny-hronologiya-golovni-vrazhayuchi-bytvy-ta-koly-vona-skinchytsya\/\" class=\"color-default h4 text-bold highlight\">\n\t\t\t\t\t\t100 \u0434\u043d\u0435\u0439 \u0432\u043e\u0439\u043d\u044b. \u0425\u0440\u043e\u043d\u043e\u043b\u043e\u0433\u0438\u044f, \u0433\u043b\u0430\u0432\u043d\u044b\u0435 \u0432\u043f\u0435\u0447\u0430\u0442\u043b\u044f\u044e\u0449\u0438\u0435 \u0431\u0438\u0442\u0432\u044b \u0438 \u043a\u043e\u0433\u0434\u0430 \u043e\u043d\u0430 \u043a\u043e\u043d\u0447\u0438\u0442\u0441\u044f\t\t\t\t\t<\/a>\n\t\t\t\t<\/div>\n\t\t\t\t<a href=\"https:\/\/fakty.com.ua\/ru\/ukraine\/suspilstvo\/20220603-100-dniv-vijny-hronologiya-golovni-vrazhayuchi-bytvy-ta-koly-vona-skinchytsya\/\" class=\"item-image\" target=\"_blank\">\n\t\t\t\t\t<img title=\"100 \u0434\u043d\u0435\u0439 \u0432\u043e\u0439\u043d\u044b. \u0425\u0440\u043e\u043d\u043e\u043b\u043e\u0433\u0438\u044f, \u0433\u043b\u0430\u0432\u043d\u044b\u0435 \u0432\u043f\u0435\u0447\u0430\u0442\u043b\u044f\u044e\u0449\u0438\u0435 \u0431\u0438\u0442\u0432\u044b \u0438 \u043a\u043e\u0433\u0434\u0430 \u043e\u043d\u0430 \u043a\u043e\u043d\u0447\u0438\u0442\u0441\u044f\"  width=\"200\" height=\"113\" src=\"https:\/\/fakty.com.ua\/wp-content\/uploads\/2022\/06\/02\/n100.jpg\" class=\"thumbnail--cover thumbnail--mini wp-post-image\" alt=\"100 \u0434\u043d\u0456\u0432 \u0432\u0456\u0439\u043d\u0438\" loading=\"lazy\" sizes=\"auto, (max-width: 719px) 88px, 200px\" srcset=\"https:\/\/fakty.com.ua\/wp-content\/uploads\/2022\/06\/02\/n100.jpg 640w, https:\/\/fakty.com.ua\/wp-content\/uploads\/2022\/06\/02\/n100-300x169.jpg 300w\" decoding=\"async\" \/>\t\t\t\t<\/a>\n\t\t\t<\/div>\n\t\t\t\n<\/p><\/p>","protected":false},"excerpt":{"rendered":"<p>\u0415\u0432\u0440\u043e\u043f\u0435\u0439\u0441\u043a\u0438\u0435 \u043f\u043e\u043b\u0438\u0442\u0438\u043a\u0438 \u0432\u044b\u0441\u043a\u0430\u0437\u0430\u043b\u0438\u0441\u044c \u043e \u043f\u0435\u0440\u0432\u044b\u0445 100 \u0434\u043d\u044f\u0445 \u043f\u043e\u043b\u043d\u043e\u043c\u0430\u0441\u0448\u0442\u0430\u0431\u043d\u043e\u0439 \u0432\u043e\u0439\u043d\u044b \u0420\u043e\u0441\u0441\u0438\u0438 \u0432 \u0423\u043a\u0440\u0430\u0438\u043d\u0435.<\/p>\n","protected":false},"author":1231,"featured_media":4604364,"comment_status":"closed","ping_status":"closed","sticky":false,"template":"","format":"standard","meta":{"_eb_attr":""},"categories":[39192],"tags":[101600,68115,63815],"category_articles":[],"display_settings":[],"class_list":["post-4664498","post","type-post","status-publish","format-standard","has-post-thumbnail","hentry","category-suspilstvo","tag-100-dniv-vijny","tag-vijna-v-ukrayini","tag-rosijska-agresiya","by-mariya-stepanyuk"],"featured_image_src":"https:\/\/fakty.com.ua\/wp-content\/uploads\/2022\/04\/02\/ukrayinski-vijskovi.jpg","author_info":{"display_name":"\u041c\u0430\u0440\u0456\u044f \u0421\u0442\u0435\u043f\u0430\u043d\u044e\u043a","author_link":"https:\/\/fakty.com.ua\/ru\/author\/mariya-stepaniuk\/"},"_links":{"self":[{"href":"https:\/\/fakty.com.ua\/ru\/wp-json\/wp\/v2\/posts\/4664498","targetHints":{"allow":["GET"]}}],"collection":[{"href":"https:\/\/fakty.com.ua\/ru\/wp-json\/wp\/v2\/posts"}],"about":[{"href":"https:\/\/fakty.com.ua\/ru\/wp-json\/wp\/v2\/types\/post"}],"author":[{"embeddable":true,"href":"https:\/\/fakty.com.ua\/ru\/wp-json\/wp\/v2\/users\/1231"}],"replies":[{"embeddable":true,"href":"https:\/\/fakty.com.ua\/ru\/wp-json\/wp\/v2\/comments?post=4664498"}],"version-history":[{"count":10,"href":"https:\/\/fakty.com.ua\/ru\/wp-json\/wp\/v2\/posts\/4664498\/revisions"}],"predecessor-version":[{"id":4664830,"href":"https:\/\/fakty.com.ua\/ru\/wp-json\/wp\/v2\/posts\/4664498\/revisions\/4664830"}],"wp:featuredmedia":[{"embeddable":true,"href":"https:\/\/fakty.com.ua\/ru\/wp-json\/wp\/v2\/media\/4604364"}],"wp:attachment":[{"href":"https:\/\/fakty.com.ua\/ru\/wp-json\/wp\/v2\/media?parent=4664498"}],"wp:term":[{"taxonomy":"category","embeddable":true,"href":"https:\/\/fakty.com.ua\/ru\/wp-json\/wp\/v2\/categories?post=4664498"},{"taxonomy":"post_tag","embeddable":true,"href":"https:\/\/fakty.com.ua\/ru\/wp-json\/wp\/v2\/tags?post=4664498"},{"taxonomy":"category_articles","embeddable":true,"href":"https:\/\/fakty.com.ua\/ru\/wp-json\/wp\/v2\/category_articles?post=4664498"},{"taxonomy":"display_settings","embeddable":true,"href":"https:\/\/fakty.com.ua\/ru\/wp-json\/wp\/v2\/display_settings?post=4664498"}],"curies":[{"name":"wp","href":"https:\/\/api.w.org\/{rel}","templated":true}]}}