{"id":4906192,"date":"2023-03-24T13:25:33","date_gmt":"2023-03-24T11:25:33","guid":{"rendered":"https:\/\/fakty.com.ua\/?p=4906192"},"modified":"2023-03-24T13:33:31","modified_gmt":"2023-03-24T11:33:31","slug":"sutychky-pidpaly-zatrymannya-u-francziyi-ponad-miljon-lyudej-protestuvaly-proty-pensijnoyi-reformy","status":"publish","type":"post","link":"https:\/\/fakty.com.ua\/ua\/svit\/20230324-sutychky-pidpaly-zatrymannya-u-francziyi-ponad-miljon-lyudej-protestuvaly-proty-pensijnoyi-reformy\/","title":{"rendered":"\u0421\u0443\u0442\u0438\u0447\u043a\u0438, \u043f\u0456\u0434\u043f\u0430\u043b\u0438, \u0437\u0430\u0442\u0440\u0438\u043c\u0430\u043d\u043d\u044f: \u0443 \u0424\u0440\u0430\u043d\u0446\u0456\u0457 \u043f\u043e\u043d\u0430\u0434 \u043c\u0456\u043b\u044c\u0439\u043e\u043d \u043b\u044e\u0434\u0435\u0439 \u043f\u0440\u043e\u0442\u0435\u0441\u0442\u0443\u0432\u0430\u043b\u0438 \u043f\u0440\u043e\u0442\u0438 \u043f\u0435\u043d\u0441\u0456\u0439\u043d\u043e\u0457 \u0440\u0435\u0444\u043e\u0440\u043c\u0438"},"content":{"rendered":"<p>\u0423 \u0447\u0435\u0442\u0432\u0435\u0440, 23 \u0431\u0435\u0440\u0435\u0437\u043d\u044f, \u043f\u043e \u0432\u0441\u0456\u0439 \u0424\u0440\u0430\u043d\u0446\u0456\u0457 \u0441\u043f\u0430\u043b\u0430\u0445\u043d\u0443\u043b\u0438 \u043c\u0430\u0441\u0448\u0442\u0430\u0431\u043d\u0456 \u043f\u0440\u043e\u0442\u0435\u0441\u0442\u0438 \u043f\u0440\u043e\u0442\u0438 \u0443\u0445\u0432\u0430\u043b\u0435\u043d\u043d\u044f \u043f\u0435\u043d\u0441\u0456\u0439\u043d\u043e\u0457 \u0440\u0435\u0444\u043e\u0440\u043c\u0438. \u0412\u043e\u043d\u0438 \u0441\u0443\u043f\u0440\u043e\u0432\u043e\u0434\u0436\u0443\u0432\u0430\u043b\u0438\u0441\u044f \u0441\u0443\u0442\u0438\u0447\u043a\u0430\u043c\u0438 \u0437 \u043f\u0440\u0430\u0432\u043e\u043e\u0445\u043e\u0440\u043e\u043d\u0446\u044f\u043c\u0438, \u0430\u043a\u0442\u0430\u043c\u0438 \u0432\u0430\u043d\u0434\u0430\u043b\u0456\u0437\u043c\u0443 \u0442\u0430 \u043f\u0456\u0434\u043f\u0430\u043b\u0430\u043c\u0438.<\/p>\n<p>\u041f\u0440\u043e \u0446\u0435, \u0437\u043e\u043a\u0440\u0435\u043c\u0430, \u043f\u043e\u0432\u0456\u0434\u043e\u043c\u043b\u044f\u044e\u0442\u044c \u0442\u0435\u043b\u0435\u043a\u0430\u043d\u0430\u043b BFM TV \u0442\u0430 \u041c\u0456\u0436\u043d\u0430\u0440\u043e\u0434\u043d\u0435 \u0444\u0440\u0430\u043d\u0446\u0443\u0437\u044c\u043a\u0435 \u0440\u0430\u0434\u0456\u043e (RFI)<\/p>\n<p>\u0417\u0433\u0456\u0434\u043d\u043e \u0437 \u0434\u0430\u043d\u0438\u043c\u0438 \u043f\u0440\u043e\u0444\u0441\u043f\u0456\u043b\u043a\u0438 CGT, \u043d\u0430 \u0434\u0435\u043c\u043e\u043d\u0441\u0442\u0440\u0430\u0446\u0456\u0457 \u0432\u0438\u0439\u0448\u043b\u0438 \u0431\u043b\u0438\u0437\u044c\u043a\u043e 3,5 \u043c\u043b\u043d \u043b\u044e\u0434\u0435\u0439, \u0449\u043e \u0435\u043a\u0432\u0456\u0432\u0430\u043b\u0435\u043d\u0442\u043d\u043e \u043a\u0456\u043b\u044c\u043a\u043e\u0441\u0442\u0456 \u0443\u0447\u0430\u0441\u043d\u0438\u043a\u0456\u0432 \u043f\u0440\u043e\u0442\u0435\u0441\u0442\u0456\u0432 7 \u0431\u0435\u0440\u0435\u0437\u043d\u044f, \u044f\u043a\u0456 \u0431\u0443\u043b\u0438 \u0440\u0435\u043a\u043e\u0440\u0434\u043d\u0438\u043c\u0438 \u0437\u0430 \u043c\u0430\u0441\u043e\u0432\u0456\u0441\u0442\u044e.<\/p>\n<blockquote class=\"twitter-tweet\">\n<p dir=\"ltr\" lang=\"fr\">Retraites: une semaine apr\u00e8s le 49.3, une mobilisation en forte hausse en France<a href=\"https:\/\/t.co\/zk7P0gRSaR\">https:\/\/t.co\/zk7P0gRSaR<\/a> <a href=\"https:\/\/t.co\/UqNUcascQn\">pic.twitter.com\/UqNUcascQn<\/a><\/p>\n<p>\u2014 BFMTV (@BFMTV) <a href=\"https:\/\/twitter.com\/BFMTV\/status\/1639002942585044993?ref_src=twsrc%5Etfw\">March 23, 2023<\/a><\/p><\/blockquote>\n<p><script async src=\"https:\/\/platform.twitter.com\/widgets.js\" charset=\"utf-8\"><\/script><\/p>\n<p>\u0412\u043e\u0434\u043d\u043e\u0447\u0430\u0441 \u0443 \u041c\u0456\u043d\u0456\u0441\u0442\u0435\u0440\u0441\u0442\u0432\u0456 \u0432\u043d\u0443\u0442\u0440\u0456\u0448\u043d\u0456\u0445 \u0441\u043f\u0440\u0430\u0432 \u0424\u0440\u0430\u043d\u0446\u0456\u0457 <span class=\"fakty_rm_tinymce\"><a href=\"https:\/\/www.bfmtv.com\/economie\/economie-social\/social\/retraites-une-semaine-apres-le-49-3-une-mobilisation-en-forte-hausse-en-france_AV-202303230753.html\" target=\"_blank\"> \u043f\u043e\u0432\u0456\u0434\u043e\u043c\u0438\u043b\u0438<\/a><\/span> \u043f\u0440\u043e 1,089 \u043c\u043b\u043d \u043b\u044e\u0434\u0435\u0439, \u043a\u043e\u0442\u0440\u0456 \u0432\u0438\u0439\u0448\u043b\u0438 \u043d\u0430 \u0432\u0443\u043b\u0438\u0446\u0456 \u043f\u043e \u0432\u0441\u0456\u0439 \u043a\u0440\u0430\u0457\u043d\u0456 (\u0443 \u0431\u0456\u043b\u044c\u0448 \u043d\u0456\u0436 300 \u043c\u0456\u0441\u0442\u0430\u0445). \u0414\u043b\u044f \u043f\u043e\u0440\u0456\u0432\u043d\u044f\u043d\u043d\u044f: \u043d\u0430 \u043f\u043e\u043f\u0435\u0440\u0435\u0434\u043d\u0456 \u0430\u043a\u0446\u0456\u0457 \u043f\u0440\u043e\u0442\u0435\u0441\u0442\u0443 15 \u0431\u0435\u0440\u0435\u0437\u043d\u044f \u0432\u0438\u0439\u0448\u043b\u0438 \u0432\u0456\u0434 480 \u0442\u0438\u0441. \u043b\u044e\u0434\u0435\u0439 (\u0437\u0430 \u0434\u0430\u043d\u0438\u043c\u0438 \u043f\u043e\u043b\u0456\u0446\u0456\u0457) \u0434\u043e 1,7 \u043c\u043b\u043d (\u0437\u0430 \u0434\u0430\u043d\u0438\u043c\u0438 CGT).<\/p>\n<p>\u0417\u0430 \u0456\u043d\u0444\u043e\u0440\u043c\u0430\u0446\u0456\u0454\u044e \u043f\u0440\u043e\u0444\u0441\u043f\u0456\u043b\u043a\u0438, \u043d\u0430\u043f\u0435\u0440\u0435\u0434\u043e\u0434\u043d\u0456 \u043b\u0438\u0448\u0435 \u0432 \u043f\u0430\u0440\u0438\u0437\u044c\u043a\u0456\u0439 \u0445\u043e\u0434\u0456 \u0432\u0437\u044f\u043b\u0438 \u0443\u0447\u0430\u0441\u0442\u044c 800 \u0442\u0438\u0441. \u043e\u0441\u0456\u0431. \u0423 \u043f\u043e\u043b\u0456\u0446\u0456\u0457 \u0436 \u043f\u043e\u0432\u0456\u0434\u043e\u043c\u0438\u043b\u0438 \u043f\u0440\u043e 119 \u0442\u0438\u0441. \u0434\u0435\u043c\u043e\u043d\u0441\u0442\u0440\u0430\u043d\u0442\u0456\u0432 \u0443 \u041f\u0430\u0440\u0438\u0436\u0456.<\/p>\n<blockquote class=\"twitter-tweet\">\n<p dir=\"ltr\" lang=\"fr\">Paris: des fortes tensions en cours dans le quartier de la Bastille <a href=\"https:\/\/t.co\/PywiY5OTE1\">pic.twitter.com\/PywiY5OTE1<\/a><\/p>\n<p>\u2014 BFMTV (@BFMTV) <a href=\"https:\/\/twitter.com\/BFMTV\/status\/1639020982995406848?ref_src=twsrc%5Etfw\">March 23, 2023<\/a><\/p><\/blockquote>\n<p><script async src=\"https:\/\/platform.twitter.com\/widgets.js\" charset=\"utf-8\"><\/script><\/p>\n<blockquote class=\"twitter-tweet\">\n<p dir=\"ltr\" lang=\"fr\">Retraites: 1,09 million de manifestants dans toute la France selon l&#8217;Int\u00e9rieur, 3,5 millions selon la CGT <a href=\"https:\/\/t.co\/1gP38ClFM9\">pic.twitter.com\/1gP38ClFM9<\/a><\/p>\n<p>\u2014 BFMTV (@BFMTV) <a href=\"https:\/\/twitter.com\/BFMTV\/status\/1638980825923612672?ref_src=twsrc%5Etfw\">March 23, 2023<\/a><\/p><\/blockquote>\n<p><script async src=\"https:\/\/platform.twitter.com\/widgets.js\" charset=\"utf-8\"><\/script><\/p>\n<p>\u0423 \u0411\u043e\u0440\u0434\u043e \u043f\u043e\u043b\u0456\u0446\u0456\u044f \u043d\u0430\u0440\u0430\u0445\u0443\u0432\u0430\u043b\u0430 18 200 \u0434\u0435\u043c\u043e\u043d\u0441\u0442\u0440\u0430\u043d\u0442\u0456\u0432, \u043f\u0440\u043e\u0444\u0441\u043f\u0456\u043b\u043a\u0438 \u2013 110 \u0442\u0438\u0441.<\/p>\n<p>\u0417\u0430\u0433\u0430\u043b\u044c\u043d\u043e\u043d\u0430\u0446\u0456\u043e\u043d\u0430\u043b\u044c\u043d\u0456 \u043f\u0440\u043e\u0442\u0435\u0441\u0442\u0438 \u043f\u043e\u0440\u0443\u0448\u0438\u043b\u0438 \u0437\u0430\u043b\u0456\u0437\u043d\u0438\u0447\u043d\u0435 \u0442\u0430 \u0430\u0432\u0456\u0430\u0441\u043f\u043e\u043b\u0443\u0447\u0435\u043d\u043d\u044f \u0432 \u043a\u0440\u0430\u0457\u043d\u0456.<\/p>\n<blockquote class=\"twitter-tweet\">\n<p dir=\"ltr\" lang=\"fr\">Lyc\u00e9es bloqu\u00e9s, barrages routiers, mobilisation en hausse, heurts<\/p>\n<p>Retour en images sur cette 9\u00e8me journ\u00e9e de mobilisation\u2935 <a href=\"https:\/\/t.co\/MgW9h9nUWc\">pic.twitter.com\/MgW9h9nUWc<\/a><\/p>\n<p>\u2014 BFMTV (@BFMTV) <a href=\"https:\/\/twitter.com\/BFMTV\/status\/1638992898657234944?ref_src=twsrc%5Etfw\">March 23, 2023<\/a><\/p><\/blockquote>\n<p><script async src=\"https:\/\/platform.twitter.com\/widgets.js\" charset=\"utf-8\"><\/script><\/p>\n<p>\u041d\u0430 \u0434\u0435\u043c\u043e\u043d\u0441\u0442\u0440\u0430\u0446\u0456\u044f\u0445 \u043f\u043e\u0434\u0435\u043a\u0443\u0434\u0438 \u0441\u0442\u0430\u043b\u0438\u0441\u044f \u0437\u0430\u0432\u043e\u0440\u0443\u0448\u0435\u043d\u043d\u044f \u0456 \u0437\u0456\u0442\u043a\u043d\u0435\u043d\u043d\u044f \u0437 \u043f\u0440\u0430\u0432\u043e\u043e\u0445\u043e\u0440\u043e\u043d\u0446\u044f\u043c\u0438. \u041d\u0430\u043f\u0440\u0438\u043a\u043b\u0430\u0434, \u0443 \u041f\u0430\u0440\u0438\u0436\u0456 \u043f\u0440\u043e\u0442\u0435\u0441\u0442\u0443\u0432\u0430\u043b\u044c\u043d\u0438\u043a\u0438 \u043f\u0456\u0434\u043f\u0430\u043b\u0438\u043b\u0438 \u043a\u0443\u043f\u0438 \u0441\u043c\u0456\u0442\u0442\u044f. \u041a\u0456\u043b\u044c\u043a\u0430 \u0441\u043e\u0442\u0435\u043d\u044c \u0440\u0430\u0434\u0438\u043a\u0430\u043b\u044c\u043d\u043e \u043d\u0430\u043b\u0430\u0448\u0442\u043e\u0432\u0430\u043d\u0438\u0445 \u043b\u044e\u0434\u0435\u0439, \u043e\u0434\u044f\u0433\u043d\u0435\u043d\u0438\u0445 \u0443 \u0447\u043e\u0440\u043d\u0435, \u0440\u043e\u0437\u0431\u0438\u0432\u0430\u043b\u0438 \u0432\u0456\u0442\u0440\u0438\u043d\u0438 \u043c\u0430\u0433\u0430\u0437\u0438\u043d\u0456\u0432, \u0431\u0430\u043d\u043a\u0456\u0432, \u0432\u043b\u0430\u0448\u0442\u043e\u0432\u0443\u0432\u0430\u043b\u0438 \u0431\u0435\u0437\u043b\u0430\u0434 \u043d\u0430 \u0432\u0443\u043b\u0438\u0446\u0456, \u0440\u043e\u0437\u0442\u0440\u043e\u0449\u0438\u043b\u0438 McDonald&#8217;s, \u043a\u0438\u0434\u0430\u043b\u0438 \u0432 \u043f\u043e\u043b\u0456\u0446\u0435\u0439\u0441\u044c\u043a\u0438\u0445 \u043f\u043b\u044f\u0448\u043a\u0438, \u043f\u0435\u0442\u0430\u0440\u0434\u0438 \u0442\u0430 \u043a\u0430\u043c\u0456\u043d\u043d\u044f.<\/p>\n<p>\u041f\u0440\u0430\u0432\u043e\u043e\u0445\u043e\u0440\u043e\u043d\u0446\u0456, \u0441\u0432\u043e\u0454\u044e \u0447\u0435\u0440\u0433\u043e\u044e, \u0437\u0430\u0441\u0442\u043e\u0441\u043e\u0432\u0443\u0432\u0430\u043b\u0438 \u043f\u0440\u043e\u0442\u0438 \u0434\u0435\u043c\u043e\u043d\u0441\u0442\u0440\u0430\u043d\u0442\u0456\u0432 \u0441\u043b\u044c\u043e\u0437\u043e\u0433\u0456\u043d\u043d\u0438\u0439 \u0433\u0430\u0437, \u0441\u0432\u0456\u0442\u043b\u043e\u0448\u0443\u043c\u043e\u0432\u0456 \u0433\u0440\u0430\u043d\u0430\u0442\u0438 \u0442\u0430 \u043a\u0438\u0439\u043a\u0438. \u041d\u0435\u0432\u0435\u043b\u0438\u043a\u0456 \u0433\u0440\u0443\u043f\u0438 \u0434\u0435\u043c\u043e\u043d\u0441\u0442\u0440\u0430\u043d\u0442\u0456\u0432 \u043f\u0440\u043e\u0434\u043e\u0432\u0436\u0443\u0432\u0430\u043b\u0438 \u0437\u0456\u0442\u043a\u043d\u0435\u043d\u043d\u044f \u0437 \u043f\u043e\u043b\u0456\u0446\u0456\u0454\u044e \u0432 \u041f\u0430\u0440\u0438\u0436\u0456 \u0434\u043e \u043f\u0456\u0437\u043d\u044c\u043e\u0457 \u043d\u043e\u0447\u0456.<\/p>\n<blockquote class=\"twitter-tweet\">\n<p dir=\"ltr\" lang=\"fr\">???? EN DIRECT<br \/>\nRetraites: au moins 103 interpellations \u00e0 Paris<a href=\"https:\/\/t.co\/U6YwntoHEh\">https:\/\/t.co\/U6YwntoHEh<\/a> <a href=\"https:\/\/t.co\/CzFgac37F6\">pic.twitter.com\/CzFgac37F6<\/a><\/p>\n<p>\u2014 BFMTV (@BFMTV) <a href=\"https:\/\/twitter.com\/BFMTV\/status\/1639019269739671553?ref_src=twsrc%5Etfw\">March 23, 2023<\/a><\/p><\/blockquote>\n<p><script async src=\"https:\/\/platform.twitter.com\/widgets.js\" charset=\"utf-8\"><\/script><\/p>\n<p>\u0421\u0443\u0442\u0438\u0447\u043a\u0438 \u0442\u0430\u043a\u043e\u0436 \u0441\u0442\u0430\u043b\u0438\u0441\u044f \u0432 \u041d\u0430\u043d\u0442\u0456 \u0439 \u0420\u0435\u043d\u043d\u0456: \u043f\u043e\u043b\u0456\u0446\u0456\u044f \u0442\u0430\u043c \u0437\u0430\u0441\u0442\u043e\u0441\u0443\u0432\u0430\u043b\u0430 \u0441\u043b\u044c\u043e\u0437\u043e\u0433\u0456\u043d\u043d\u0438\u0439 \u0433\u0430\u0437 \u0456 \u0432\u043e\u0434\u043e\u043c\u0435\u0442\u0438. \u0414\u043e\u0441\u0438\u0442\u044c \u0441\u0438\u043b\u044c\u043d\u0430 \u043d\u0430\u043f\u0440\u0443\u0433\u0430 \u0441\u043f\u043e\u0441\u0442\u0435\u0440\u0456\u0433\u0430\u043b\u0430\u0441\u044f \u0432 \u0422\u0443\u043b\u0443\u0437\u0456, \u041b\u0456\u043b\u043b\u0456, \u0411\u043e\u0440\u0434\u043e \u0442\u0430 \u0414\u0456\u0436\u043e\u043d\u0456. \u0422\u0430\u043a, \u043f\u0440\u043e\u0442\u0435\u0441\u0442\u0443\u0432\u0430\u043b\u044c\u043d\u0438\u043a\u0438 \u043f\u0456\u0434\u043f\u0430\u043b\u0438\u043b\u0438 \u0433\u043e\u043b\u043e\u0432\u043d\u0438\u0439 \u0432\u0445\u0456\u0434 \u0434\u043e \u043c\u0435\u0440\u0456\u0457 \u0411\u043e\u0440\u0434\u043e.<\/p>\n<blockquote class=\"twitter-tweet\">\n<p dir=\"ltr\" lang=\"fr\">Bordeaux: la porte de la mairie incendi\u00e9e apr\u00e8s les manifestations contre la r\u00e9forme des retraites <a href=\"https:\/\/t.co\/bogjTNtC1z\">pic.twitter.com\/bogjTNtC1z<\/a><\/p>\n<p>\u2014 BFMTV (@BFMTV) <a href=\"https:\/\/twitter.com\/BFMTV\/status\/1639005134704484354?ref_src=twsrc%5Etfw\">March 23, 2023<\/a><\/p><\/blockquote>\n<p><script async src=\"https:\/\/platform.twitter.com\/widgets.js\" charset=\"utf-8\"><\/script><\/p>\n<blockquote class=\"twitter-tweet\">\n<p dir=\"ltr\" lang=\"fr\">La porte de la mairie de Bordeaux incendi\u00e9e par des manifestants <a href=\"https:\/\/t.co\/3y54I5EuGQ\">pic.twitter.com\/3y54I5EuGQ<\/a><\/p>\n<p>\u2014 BFMTV (@BFMTV) <a href=\"https:\/\/twitter.com\/BFMTV\/status\/1638996151683928067?ref_src=twsrc%5Etfw\">March 23, 2023<\/a><\/p><\/blockquote>\n<p><script async src=\"https:\/\/platform.twitter.com\/widgets.js\" charset=\"utf-8\"><\/script><\/p>\n<p>\u0417\u0430 \u0434\u0430\u043d\u0438\u043c\u0438 \u043c\u0456\u043d\u0456\u0441\u0442\u0440\u0430 \u0432\u043d\u0443\u0442\u0440\u0456\u0448\u043d\u0456\u0445 \u0441\u043f\u0440\u0430\u0432 \u0424\u0440\u0430\u043d\u0446\u0456\u0457 \u0416\u0435\u0440\u0430\u043b\u044c\u0434\u0430 \u0414\u0430\u0440\u043c\u0430\u043d\u0435\u043d\u0430, \u0443 \u043a\u0440\u0430\u0457\u043d\u0456 \u0437\u0430\u0442\u0440\u0438\u043c\u0430\u043b\u0438 457 \u043f\u0440\u043e\u0442\u0435\u0441\u0442\u0443\u0432\u0430\u043b\u044c\u043d\u0438\u043a\u0456\u0432, \u0430 441 \u043f\u0440\u0430\u0432\u043e\u043e\u0445\u043e\u0440\u043e\u043d\u0435\u0446\u044c \u0437\u0430\u0437\u043d\u0430\u0432 \u043f\u043e\u0440\u0430\u043d\u0435\u043d\u044c \u043f\u0456\u0434 \u0447\u0430\u0441 \u0436\u043e\u0440\u0441\u0442\u043a\u0438\u0445 \u0441\u0443\u0442\u0438\u0447\u043e\u043a. \u041d\u0430 \u0432\u0443\u043b\u0438\u0446\u044f\u0445 \u041f\u0430\u0440\u0438\u0436\u0430 \u0431\u0443\u043b\u043e \u0437\u0430\u0444\u0456\u043a\u0441\u043e\u0432\u0430\u043d\u043e 903 \u043f\u0456\u0434\u043f\u0430\u043b\u0438.<\/p>\n<p>\u0414\u0435\u0441\u044f\u0442\u043a\u0438 \u043f\u0440\u043e\u0442\u0435\u0441\u0442\u0443\u0432\u0430\u043b\u044c\u043d\u0438\u043a\u0456\u0432 \u0437\u0430\u0437\u043d\u0430\u043b\u0438 \u043f\u043e\u0440\u0430\u043d\u0435\u043d\u044c, \u0437\u043e\u043a\u0440\u0435\u043c\u0430 \u0436\u0456\u043d\u043a\u0430, \u044f\u043a\u0430 \u0432\u0442\u0440\u0430\u0442\u0438\u043b\u0430 \u043f\u0430\u043b\u0435\u0446\u044c, \u0443 \u043d\u043e\u0440\u043c\u0430\u043d\u0434\u0441\u044c\u043a\u043e\u043c\u0443 \u043c\u0456\u0441\u0442\u0456 \u0420\u0443\u0430\u043d.<\/p>\n<p>\u0414\u0430\u0440\u043c\u0430\u043d\u0435\u043d \u0437\u0432\u0438\u043d\u0443\u0432\u0430\u0442\u0438\u0432 \u0443 \u043d\u0430\u0441\u0438\u043b\u044c\u0441\u0442\u0432\u0456 &#8220;\u0433\u043e\u043b\u043e\u0432\u043e\u0440\u0456\u0437\u0456\u0432&#8221;, \u044f\u043a\u0456 \u043f\u0440\u0438\u0431\u0443\u043b\u0438 \u0434\u043e \u0441\u0442\u043e\u043b\u0438\u0446\u0456 \u0424\u0440\u0430\u043d\u0446\u0456\u0457, &#8220;\u0449\u043e\u0431 \u043d\u0430\u043f\u0430\u0441\u0442\u0438 \u043d\u0430 \u043f\u043e\u043b\u0456\u0446\u0435\u0439\u0441\u044c\u043a\u0438\u0445 \u0456 \u0433\u0440\u043e\u043c\u0430\u0434\u0441\u044c\u043a\u0456 \u0431\u0443\u0434\u0456\u0432\u043b\u0456&#8221;.<\/p>\n<blockquote class=\"twitter-tweet\">\n<p dir=\"ltr\" lang=\"fr\">Des tensions dans la manifestation parisienne entre des casseurs et les forces de l&#8217;ordre <a href=\"https:\/\/t.co\/zg52mMz3LJ\">pic.twitter.com\/zg52mMz3LJ<\/a><\/p>\n<p>\u2014 BFMTV (@BFMTV) <a href=\"https:\/\/twitter.com\/BFMTV\/status\/1638987924829265920?ref_src=twsrc%5Etfw\">March 23, 2023<\/a><\/p><\/blockquote>\n<p><script async src=\"https:\/\/platform.twitter.com\/widgets.js\" charset=\"utf-8\"><\/script><\/p>\n<blockquote class=\"twitter-tweet\">\n<p dir=\"ltr\" lang=\"fr\">Paris: situation \u00e0 nouveau tendue dans le quartier de l&#8217;Op\u00e9ra <a href=\"https:\/\/t.co\/akr4pzvE1c\">pic.twitter.com\/akr4pzvE1c<\/a><\/p>\n<p>\u2014 BFMTV (@BFMTV) <a href=\"https:\/\/twitter.com\/BFMTV\/status\/1638979977067790336?ref_src=twsrc%5Etfw\">March 23, 2023<\/a><\/p><\/blockquote>\n<p><script async src=\"https:\/\/platform.twitter.com\/widgets.js\" charset=\"utf-8\"><\/script><\/p>\n<blockquote class=\"twitter-tweet\">\n<p dir=\"ltr\" lang=\"fr\">Paris: 140 d\u00e9parts de feux selon la police en marge de la manifestation, un immeuble \u00e9vacu\u00e9 <a href=\"https:\/\/t.co\/breAtPfK6N\">pic.twitter.com\/breAtPfK6N<\/a><\/p>\n<p>\u2014 BFMTV (@BFMTV) <a href=\"https:\/\/twitter.com\/BFMTV\/status\/1639161392946368512?ref_src=twsrc%5Etfw\">March 24, 2023<\/a><\/p><\/blockquote>\n<p><script async src=\"https:\/\/platform.twitter.com\/widgets.js\" charset=\"utf-8\"><\/script><\/p>\n<p>\u041d\u0430\u0441\u0442\u0443\u043f\u043d\u0456 \u0437\u0430\u0433\u0430\u043b\u044c\u043d\u043e\u043d\u0430\u0446\u0456\u043e\u043d\u0430\u043b\u044c\u043d\u0456 \u0441\u0442\u0440\u0430\u0439\u043a\u0438 \u0442\u0430 \u043f\u0440\u043e\u0442\u0435\u0441\u0442\u0438 \u043f\u043b\u0430\u043d\u0443\u044e\u0442\u044c\u0441\u044f \u043d\u0430 28 \u0431\u0435\u0440\u0435\u0437\u043d\u044f. \u042f\u043a\u0440\u0430\u0437 \u0443 \u0442\u043e\u0439 \u043f\u0435\u0440\u0456\u043e\u0434 \u0443 \u0424\u0440\u0430\u043d\u0446\u0456\u0457 \u0437 \u0432\u0456\u0437\u0438\u0442\u043e\u043c \u043f\u0435\u0440\u0435\u0431\u0443\u0432\u0430\u0442\u0438\u043c\u0435 \u043a\u043e\u0440\u043e\u043b\u044c \u0412\u0435\u043b\u0438\u043a\u043e\u0457 \u0411\u0440\u0438\u0442\u0430\u043d\u0456\u0457 \u0427\u0430\u0440\u043b\u044c\u0437 \u0406\u0406\u0406.<\/p>\n<p>\u041f\u0440\u043e\u0444\u0441\u043f\u0456\u043b\u043a\u0438 \u043f\u043e\u0431\u043e\u044e\u044e\u0442\u044c\u0441\u044f, \u0449\u043e \u043f\u0440\u043e\u0442\u0435\u0441\u0442\u0438 \u043c\u043e\u0436\u0443\u0442\u044c \u0441\u0442\u0430\u0442\u0438 \u0431\u0456\u043b\u044c\u0448 \u0436\u043e\u0440\u0441\u0442\u043a\u0438\u043c\u0438, \u044f\u043a\u0449\u043e \u0443\u0440\u044f\u0434 \u043d\u0435 \u0434\u043e\u0441\u043b\u0443\u0445\u0430\u0454\u0442\u044c\u0441\u044f \u0434\u043e \u0432\u0438\u043c\u043e\u0433 \u0434\u0435\u043c\u043e\u043d\u0441\u0442\u0440\u0430\u043d\u0442\u0456\u0432 \u0447\u0435\u0440\u0435\u0437 \u043f\u0435\u043d\u0441\u0456\u0439\u043d\u0443 \u0440\u0435\u0444\u043e\u0440\u043c\u0443.<\/p>\n<p>\u0423\u0440\u044f\u0434 \u0424\u0440\u0430\u043d\u0446\u0456\u0457 \u043d\u0435\u0449\u043e\u0434\u0430\u0432\u043d\u043e \u0441\u043a\u043e\u0440\u0438\u0441\u0442\u0430\u0432\u0441\u044f \u0441\u0442\u0430\u0442\u0442\u0435\u044e \u041a\u043e\u043d\u0441\u0442\u0438\u0442\u0443\u0446\u0456\u0457 \u043a\u0440\u0430\u0457\u043d\u0438, \u044f\u043a\u0430 <span class=\"fakty_rm_tinymce\"><a href=\"https:\/\/fakty.com.ua\/ua\/svit\/20230317-u-francziyi-spalahnuly-protesty-cherez-pensijnu-reformu-uryad-hochut-vidpravyty-u-vidstavku\/\" target=\"_blank\"> \u0434\u043e\u0437\u0432\u043e\u043b\u044f\u0454 \u0437\u0430\u043f\u0443\u0441\u0442\u0438\u0442\u0438 \u043f\u0435\u043d\u0441\u0456\u0439\u043d\u0443 \u0440\u0435\u0444\u043e\u0440\u043c\u0443<\/a><\/span> \u0431\u0435\u0437 \u0433\u043e\u043b\u043e\u0441\u0443\u0432\u0430\u043d\u043d\u044f \u0432 \u043f\u0430\u0440\u043b\u0430\u043c\u0435\u043d\u0442\u0456. \u0426\u044f \u0440\u0435\u0444\u043e\u0440\u043c\u0430 \u0431\u0443\u043b\u0430 \u043e\u0434\u043d\u0456\u0454\u044e \u0437 \u043f\u0435\u0440\u0435\u0434\u0432\u0438\u0431\u043e\u0440\u043d\u0438\u0445 \u043e\u0431\u0456\u0446\u044f\u043d\u043e\u043a \u043f\u0440\u0435\u0437\u0438\u0434\u0435\u043d\u0442\u0430 \u0415\u043c\u043c\u0430\u043d\u0443\u0435\u043b\u044f \u041c\u0430\u043a\u0440\u043e\u043d\u0430. \u0412\u043e\u043d\u0430 \u043f\u0435\u0440\u0435\u0434\u0431\u0430\u0447\u0430\u0454 \u043f\u043e\u0441\u0442\u0443\u043f\u043e\u0432\u0435 \u0437\u0431\u0456\u043b\u044c\u0448\u0435\u043d\u043d\u044f \u043f\u0435\u043d\u0441\u0456\u0439\u043d\u043e\u0433\u043e \u0432\u0456\u043a\u0443 \u0437 62 \u0434\u043e 64 \u0440\u043e\u043a\u0456\u0432.<\/p>\n<p>\u041f\u0440\u043e\u0444\u0441\u043f\u0456\u043b\u043a\u0438 \u0432\u0432\u0430\u0436\u0430\u044e\u0442\u044c \u043f\u0435\u043d\u0441\u0456\u0439\u043d\u0443 \u0440\u0435\u0444\u043e\u0440\u043c\u0443 \u043d\u0435\u0441\u043f\u0440\u0430\u0432\u0435\u0434\u043b\u0438\u0432\u043e\u044e \u0456 \u0437\u0430\u043a\u043b\u0438\u043a\u0430\u044e\u0442\u044c \u043f\u0440\u043e\u0432\u0435\u0441\u0442\u0438 \u0440\u0435\u0444\u0435\u0440\u0435\u043d\u0434\u0443\u043c \u0449\u043e\u0434\u043e \u0446\u044c\u043e\u0433\u043e \u043f\u0438\u0442\u0430\u043d\u043d\u044f.<\/p>\n\t\t\t<div class=\"grid s--content-x-88 s-up--col-gap8 p--content-x-156 p--col-gap16 p--item-image-last\n                m-up--200-x-content m-up--col-gap32 with-highlight m-up--item-content-last l--content-x-113 article-more-news block\">\n\t\t\t\t<div class=\"item-content article-more-news--content\">\n\t\t\t\t\t<div class=\"item-head mb-4 color-primary subhead-secondary text-semi-bold\">\u0427\u0438\u0442\u0430\u0439\u0442\u0435 \u0442\u0430\u043a\u043e\u0436<\/div>\n\t\t\t\t\t<a href=\"https:\/\/fakty.com.ua\/ua\/svit\/20230318-mityngy-u-paryzhi-policziya-zaboronyla-zbyratysya-na-dvoh-lokacziyah\/\" class=\"color-default h4 text-bold highlight\">\n\t\t\t\t\t\t\u041c\u0456\u0442\u0438\u043d\u0433\u0438 \u0443 \u041f\u0430\u0440\u0438\u0436\u0456: \u043f\u043e\u043b\u0456\u0446\u0456\u044f \u0437\u0430\u0431\u043e\u0440\u043e\u043d\u0438\u043b\u0430 \u0437\u0431\u0438\u0440\u0430\u0442\u0438\u0441\u044f \u043d\u0430 \u0434\u0432\u043e\u0445 \u043b\u043e\u043a\u0430\u0446\u0456\u044f\u0445\t\t\t\t\t<\/a>\n\t\t\t\t<\/div>\n\t\t\t\t<a href=\"https:\/\/fakty.com.ua\/ua\/svit\/20230318-mityngy-u-paryzhi-policziya-zaboronyla-zbyratysya-na-dvoh-lokacziyah\/\" class=\"item-image\" target=\"_blank\">\n\t\t\t\t\t<img title=\"\u041c\u0456\u0442\u0438\u043d\u0433\u0438 \u0443 \u041f\u0430\u0440\u0438\u0436\u0456: \u043f\u043e\u043b\u0456\u0446\u0456\u044f \u0437\u0430\u0431\u043e\u0440\u043e\u043d\u0438\u043b\u0430 \u0437\u0431\u0438\u0440\u0430\u0442\u0438\u0441\u044f \u043d\u0430 \u0434\u0432\u043e\u0445 \u043b\u043e\u043a\u0430\u0446\u0456\u044f\u0445\"  width=\"200\" height=\"113\" src=\"https:\/\/fakty.com.ua\/wp-content\/uploads\/2021\/11\/12\/Bez-ymeny-1-13.jpg\" class=\"thumbnail--cover thumbnail--mini wp-post-image\" alt=\"\u041f\u0430\u0440\u0438\u0436, \u0424\u0440\u0430\u043d\u0446\u0456\u044f\" loading=\"lazy\" sizes=\"auto, (max-width: 719px) 88px, 200px\" srcset=\"https:\/\/fakty.com.ua\/wp-content\/uploads\/2021\/11\/12\/Bez-ymeny-1-13.jpg 640w, https:\/\/fakty.com.ua\/wp-content\/uploads\/2021\/11\/12\/Bez-ymeny-1-13-300x169.jpg 300w\" decoding=\"async\" \/>\t\t\t\t<\/a>\n\t\t\t<\/div>\n\t\t\t\n<p><strong>\u0414\u0436\u0435\u0440\u0435\u043b\u043e:<\/strong> <span class=\"fakty_rm_tinymce\"><a href=\"https:\/\/www.rfi.fr\/en\/france\/20230324-hundreds-arrested-injured-in-most-violent-day-of-pension-protests\" target=\"_blank\"> RFI<\/a><\/span>, <span class=\"fakty_rm_tinymce\"><a href=\"https:\/\/www.bfmtv.com\/police-justice\/retraites-darmanin-annonce-457-interpellations-et-441-policiers-et-gendarmes-blesses-lors-des-manifestations_AN-202303240246.html\" target=\"_blank\"> \u043a\u0430\u043d\u0430\u043b BFM TV<\/a><\/span><\/p>\n<\/p><\/p>","protected":false},"excerpt":{"rendered":"<p>\u0423 \u041c\u0456\u043d\u0456\u0441\u0442\u0435\u0440\u0441\u0442\u0432\u0456 \u0432\u043d\u0443\u0442\u0440\u0456\u0448\u043d\u0456\u0445 \u0441\u043f\u0440\u0430\u0432 \u0424\u0440\u0430\u043d\u0446\u0456\u0457 \u043f\u043e\u0432\u0456\u0434\u043e\u043c\u0438\u043b\u0438 \u043f\u0440\u043e 1,089 \u043c\u043b\u043d \u043b\u044e\u0434\u0435\u0439, \u043a\u043e\u0442\u0440\u0456 \u0432\u0438\u0439\u0448\u043b\u0438 \u043d\u0430 \u0432\u0443\u043b\u0438\u0446\u0456 \u043f\u043e \u0432\u0441\u0456\u0439 \u043a\u0440\u0430\u0457\u043d\u0456.<\/p>\n","protected":false},"author":4004,"featured_media":4906277,"comment_status":"closed","ping_status":"closed","sticky":false,"template":"","format":"standard","meta":{"_eb_attr":""},"categories":[2735],"tags":[5133,66239,93897,3159,3158],"category_articles":[101919],"display_settings":[],"class_list":["post-4906192","post","type-post","status-publish","format-standard","has-post-thumbnail","hentry","category-svit","tag-parizh","tag-pensijna-reforma","tag-protesty-u-frantsiyi","tag-rosiya","tag-frantsiya","category_articles-as-day-news","by-yuliya-sokolova"],"featured_image_src":"https:\/\/fakty.com.ua\/wp-content\/uploads\/2023\/03\/24\/protesty-u-francziyi.jpg","author_info":{"display_name":"\u042e\u043b\u0456\u044f \u0421\u043e\u043a\u043e\u043b\u043e\u0432\u0430","author_link":"https:\/\/fakty.com.ua\/ua\/author\/syulia0585\/"},"_links":{"self":[{"href":"https:\/\/fakty.com.ua\/ua\/wp-json\/wp\/v2\/posts\/4906192","targetHints":{"allow":["GET"]}}],"collection":[{"href":"https:\/\/fakty.com.ua\/ua\/wp-json\/wp\/v2\/posts"}],"about":[{"href":"https:\/\/fakty.com.ua\/ua\/wp-json\/wp\/v2\/types\/post"}],"author":[{"embeddable":true,"href":"https:\/\/fakty.com.ua\/ua\/wp-json\/wp\/v2\/users\/4004"}],"replies":[{"embeddable":true,"href":"https:\/\/fakty.com.ua\/ua\/wp-json\/wp\/v2\/comments?post=4906192"}],"version-history":[{"count":4,"href":"https:\/\/fakty.com.ua\/ua\/wp-json\/wp\/v2\/posts\/4906192\/revisions"}],"predecessor-version":[{"id":4906300,"href":"https:\/\/fakty.com.ua\/ua\/wp-json\/wp\/v2\/posts\/4906192\/revisions\/4906300"}],"wp:featuredmedia":[{"embeddable":true,"href":"https:\/\/fakty.com.ua\/ua\/wp-json\/wp\/v2\/media\/4906277"}],"wp:attachment":[{"href":"https:\/\/fakty.com.ua\/ua\/wp-json\/wp\/v2\/media?parent=4906192"}],"wp:term":[{"taxonomy":"category","embeddable":true,"href":"https:\/\/fakty.com.ua\/ua\/wp-json\/wp\/v2\/categories?post=4906192"},{"taxonomy":"post_tag","embeddable":true,"href":"https:\/\/fakty.com.ua\/ua\/wp-json\/wp\/v2\/tags?post=4906192"},{"taxonomy":"category_articles","embeddable":true,"href":"https:\/\/fakty.com.ua\/ua\/wp-json\/wp\/v2\/category_articles?post=4906192"},{"taxonomy":"display_settings","embeddable":true,"href":"https:\/\/fakty.com.ua\/ua\/wp-json\/wp\/v2\/display_settings?post=4906192"}],"curies":[{"name":"wp","href":"https:\/\/api.w.org\/{rel}","templated":true}]}}